{"id":776,"date":"2021-03-16T08:52:10","date_gmt":"2021-03-16T07:52:10","guid":{"rendered":"http:\/\/fairtradejourney.sifastammtisch.de\/?p=776"},"modified":"2022-01-10T23:21:33","modified_gmt":"2022-01-10T22:21:33","slug":"cafe-de-colombia-dia-1","status":"publish","type":"post","link":"https:\/\/fairtradeajourney.org\/es\/cafe-de-colombia-dia-1\/","title":{"rendered":"Caf\u00e9 de Colombia &#8211; D\u00eda 1"},"content":{"rendered":"<div class=\"seriesmeta\">Dieser Beitrag ist Teil von 1 von 9 in der Serie <a href=\"https:\/\/fairtradeajourney.org\/series\/cafe-de-colombia-notas-de-viaje\/\" class=\"series-170\" title=\"Caf\u00e9 de Colombia - Notas de viaje\">Caf\u00e9 de Colombia - Notas de viaje<\/a><\/div>\t\t<div data-elementor-type=\"wp-post\" data-elementor-id=\"776\" class=\"elementor elementor-776\">\n\t\t\t\t\t\t<section class=\"elementor-section elementor-top-section elementor-element elementor-element-42eaac24 elementor-section-boxed elementor-section-height-default elementor-section-height-default\" data-id=\"42eaac24\" data-element_type=\"section\">\n\t\t\t\t\t\t<div class=\"elementor-container elementor-column-gap-default\">\n\t\t\t\t\t<div class=\"elementor-column elementor-col-100 elementor-top-column elementor-element elementor-element-1e1817a4\" data-id=\"1e1817a4\" data-element_type=\"column\">\n\t\t\t<div class=\"elementor-widget-wrap elementor-element-populated\">\n\t\t\t\t\t\t<div class=\"elementor-element elementor-element-1421150 elementor-widget elementor-widget-spacer\" data-id=\"1421150\" data-element_type=\"widget\" data-widget_type=\"spacer.default\">\n\t\t\t\t<div class=\"elementor-widget-container\">\n\t\t\t\t\t<div class=\"elementor-spacer\">\n\t\t\t<div class=\"elementor-spacer-inner\"><\/div>\n\t\t<\/div>\n\t\t\t\t<\/div>\n\t\t\t\t<\/div>\n\t\t\t\t\t<\/div>\n\t\t<\/div>\n\t\t\t\t\t<\/div>\n\t\t<\/section>\n\t\t\t\t<section class=\"elementor-section elementor-top-section elementor-element elementor-element-9fec221 elementor-section-boxed elementor-section-height-default elementor-section-height-default\" data-id=\"9fec221\" data-element_type=\"section\">\n\t\t\t\t\t\t<div class=\"elementor-container elementor-column-gap-default\">\n\t\t\t\t\t<div class=\"elementor-column elementor-col-100 elementor-top-column elementor-element elementor-element-619ce72\" data-id=\"619ce72\" data-element_type=\"column\">\n\t\t\t<div class=\"elementor-widget-wrap elementor-element-populated\">\n\t\t\t\t\t\t<div class=\"elementor-element elementor-element-b7b7b1d elementor-widget elementor-widget-text-editor\" data-id=\"b7b7b1d\" data-element_type=\"widget\" data-widget_type=\"text-editor.default\">\n\t\t\t\t<div class=\"elementor-widget-container\">\n\t\t\t\t\t\t\t<p>Es temprano cuando salgo de mi hotel en el centro de Bogot\u00e1. Me dirijo al aeropuerto, donde debo encontrarme con dd cient\u00edfica colombiana Xiomara y un grupo de tostadores de caf\u00e9 de Austria para explorar con ellos las plantaciones de caf\u00e9 de Colombia.<\/p><p>Tambi\u00e9n estar\u00e1 <a href=\"http:\/\/fairtradejourney.sifastammtisch.de\/es\/2020\/03\/30\/visita-al-cafe-libertad-kollektiv-en-hamburgo\/\">Alexei, del Colectivo Caf\u00e9 Libertad<\/a>.<\/p>\t\t\t\t\t\t<\/div>\n\t\t\t\t<\/div>\n\t\t\t\t\t<\/div>\n\t\t<\/div>\n\t\t\t\t\t<\/div>\n\t\t<\/section>\n\t\t\t\t<section class=\"elementor-section elementor-top-section elementor-element elementor-element-3132e44b elementor-section-boxed elementor-section-height-default elementor-section-height-default\" data-id=\"3132e44b\" data-element_type=\"section\">\n\t\t\t\t\t\t<div class=\"elementor-container elementor-column-gap-default\">\n\t\t\t\t\t<div class=\"elementor-column elementor-col-50 elementor-top-column elementor-element elementor-element-330f8ca4\" data-id=\"330f8ca4\" data-element_type=\"column\">\n\t\t\t<div class=\"elementor-widget-wrap elementor-element-populated\">\n\t\t\t\t\t\t<div class=\"elementor-element elementor-element-3cac7cdd elementor-widget elementor-widget-text-editor\" data-id=\"3cac7cdd\" data-element_type=\"widget\" data-widget_type=\"text-editor.default\">\n\t\t\t\t<div class=\"elementor-widget-container\">\n\t\t\t\t\t\t\t<p>En el vest\u00edbulo del hotel \u00a0entre grandes saludos se presentan los unos a los hotros y luego de poco ya estamos sentados en un minib\u00fas en el que pasaremos muchas horas en los pr\u00f3ximos d\u00edas.<\/p><p>Primero vamos donde Do\u00f1a Magdalena en Silvania (Cundinamarca), a 80 km (2-3 horas en carro) de Bogot\u00e1.<\/p>\t\t\t\t\t\t<\/div>\n\t\t\t\t<\/div>\n\t\t\t\t\t<\/div>\n\t\t<\/div>\n\t\t\t\t<div class=\"elementor-column elementor-col-50 elementor-top-column elementor-element elementor-element-4d282277\" data-id=\"4d282277\" data-element_type=\"column\">\n\t\t\t<div class=\"elementor-widget-wrap elementor-element-populated\">\n\t\t\t\t\t\t<div class=\"elementor-element elementor-element-7db2ef04 elementor-widget elementor-widget-image\" data-id=\"7db2ef04\" data-element_type=\"widget\" data-widget_type=\"image.default\">\n\t\t\t\t<div class=\"elementor-widget-container\">\n\t\t\t\t\t\t\t\t\t\t<figure class=\"wp-caption\">\n\t\t\t\t\t\t\t\t\t\t<img fetchpriority=\"high\" decoding=\"async\" width=\"1020\" height=\"560\" src=\"https:\/\/fairtradeajourney.org\/wp-content\/uploads\/2021\/02\/Tag-1-Bogota-Silvania-1024x562.jpg\" class=\"attachment-large size-large wp-image-616\" alt=\"\" srcset=\"https:\/\/fairtradeajourney.org\/wp-content\/uploads\/2021\/02\/Tag-1-Bogota-Silvania-1024x562.jpg 1024w, https:\/\/fairtradeajourney.org\/wp-content\/uploads\/2021\/02\/Tag-1-Bogota-Silvania-300x165.jpg 300w, https:\/\/fairtradeajourney.org\/wp-content\/uploads\/2021\/02\/Tag-1-Bogota-Silvania-768x421.jpg 768w, https:\/\/fairtradeajourney.org\/wp-content\/uploads\/2021\/02\/Tag-1-Bogota-Silvania-109x60.jpg 109w, https:\/\/fairtradeajourney.org\/wp-content\/uploads\/2021\/02\/Tag-1-Bogota-Silvania.jpg 1150w\" sizes=\"(max-width: 1020px) 100vw, 1020px\" \/>\t\t\t\t\t\t\t\t\t\t\t<figcaption class=\"widget-image-caption wp-caption-text\"><\/figcaption>\n\t\t\t\t\t\t\t\t\t\t<\/figure>\n\t\t\t\t\t\t\t<\/div>\n\t\t\t\t<\/div>\n\t\t\t\t\t<\/div>\n\t\t<\/div>\n\t\t\t\t\t<\/div>\n\t\t<\/section>\n\t\t\t\t<section class=\"elementor-section elementor-top-section elementor-element elementor-element-e3f4536 elementor-section-boxed elementor-section-height-default elementor-section-height-default\" data-id=\"e3f4536\" data-element_type=\"section\">\n\t\t\t\t\t\t<div class=\"elementor-container elementor-column-gap-default\">\n\t\t\t\t\t<div class=\"elementor-column elementor-col-100 elementor-top-column elementor-element elementor-element-32b69bd5\" data-id=\"32b69bd5\" data-element_type=\"column\">\n\t\t\t<div class=\"elementor-widget-wrap elementor-element-populated\">\n\t\t\t\t\t\t<div class=\"elementor-element elementor-element-6aa8ce73 elementor-widget elementor-widget-text-editor\" data-id=\"6aa8ce73\" data-element_type=\"widget\" data-widget_type=\"text-editor.default\">\n\t\t\t\t<div class=\"elementor-widget-container\">\n\t\t\t\t\t\t\t<p>La ex profesora de (escuela) primaria compr\u00f3 la finca en la pensi\u00f3n verde en el 2009 cuando se jubil\u00f3. Ahora cultiva aqu\u00ed, en peque\u00f1a escala, peque\u00f1as cantidades de caf\u00e9s especiales como el Typica, el Geisha y el inusual Mocca. Al visitar el jard\u00edn y la peque\u00f1a plantaci\u00f3n, entiendo r\u00e1pidamente por qu\u00e9 se cultiva tan poco el mocca: los \u00e1rboles son muy peque\u00f1os y dan pocos frutos, pero el caf\u00e9 tiene un sabor excelente.<\/p>\t\t\t\t\t\t<\/div>\n\t\t\t\t<\/div>\n\t\t\t\t\t<\/div>\n\t\t<\/div>\n\t\t\t\t\t<\/div>\n\t\t<\/section>\n\t\t\t\t<section class=\"elementor-section elementor-top-section elementor-element elementor-element-71411a31 elementor-section-boxed elementor-section-height-default elementor-section-height-default\" data-id=\"71411a31\" data-element_type=\"section\">\n\t\t\t\t\t\t<div class=\"elementor-container elementor-column-gap-default\">\n\t\t\t\t\t<div class=\"elementor-column elementor-col-50 elementor-top-column elementor-element elementor-element-23af20e3\" data-id=\"23af20e3\" data-element_type=\"column\">\n\t\t\t<div class=\"elementor-widget-wrap elementor-element-populated\">\n\t\t\t\t\t\t<div class=\"elementor-element elementor-element-7adfe9d2 elementor-widget elementor-widget-image\" data-id=\"7adfe9d2\" data-element_type=\"widget\" data-widget_type=\"image.default\">\n\t\t\t\t<div class=\"elementor-widget-container\">\n\t\t\t\t\t\t\t\t\t\t<figure class=\"wp-caption\">\n\t\t\t\t\t\t\t\t\t\t<img decoding=\"async\" width=\"768\" height=\"1366\" src=\"https:\/\/fairtradeajourney.org\/wp-content\/uploads\/2021\/02\/20200125_113735-768x1366.jpg\" class=\"attachment-medium_large size-medium_large wp-image-617\" alt=\"\" srcset=\"https:\/\/fairtradeajourney.org\/wp-content\/uploads\/2021\/02\/20200125_113735-768x1366.jpg 768w, https:\/\/fairtradeajourney.org\/wp-content\/uploads\/2021\/02\/20200125_113735-169x300.jpg 169w, https:\/\/fairtradeajourney.org\/wp-content\/uploads\/2021\/02\/20200125_113735-576x1024.jpg 576w, https:\/\/fairtradeajourney.org\/wp-content\/uploads\/2021\/02\/20200125_113735-864x1536.jpg 864w, https:\/\/fairtradeajourney.org\/wp-content\/uploads\/2021\/02\/20200125_113735-1152x2048.jpg 1152w, https:\/\/fairtradeajourney.org\/wp-content\/uploads\/2021\/02\/20200125_113735-34x60.jpg 34w, https:\/\/fairtradeajourney.org\/wp-content\/uploads\/2021\/02\/20200125_113735-scaled.jpg 1440w\" sizes=\"(max-width: 768px) 100vw, 768px\" \/>\t\t\t\t\t\t\t\t\t\t\t<figcaption class=\"widget-image-caption wp-caption-text\"><\/figcaption>\n\t\t\t\t\t\t\t\t\t\t<\/figure>\n\t\t\t\t\t\t\t<\/div>\n\t\t\t\t<\/div>\n\t\t\t\t\t<\/div>\n\t\t<\/div>\n\t\t\t\t<div class=\"elementor-column elementor-col-50 elementor-top-column elementor-element elementor-element-87f7d6e\" data-id=\"87f7d6e\" data-element_type=\"column\">\n\t\t\t<div class=\"elementor-widget-wrap elementor-element-populated\">\n\t\t\t\t\t\t<div class=\"elementor-element elementor-element-69f7466e elementor-widget elementor-widget-text-editor\" data-id=\"69f7466e\" data-element_type=\"widget\" data-widget_type=\"text-editor.default\">\n\t\t\t\t<div class=\"elementor-widget-container\">\n\t\t\t\t\t\t\t<p>Queremos saber porqu\u00e9 cultiva algo tan poco productivo. Ella se r\u00ede: bueno, tiene su pensi\u00f3n y no tiene que vivir del cultivo del caf\u00e9. Y las variedades antiguas siempre le han interesado, por eso est\u00e1 aqu\u00ed: para experimentar con ellas. En sus 4 hect\u00e1reas cultiva 8 \u00abcargas\u00bb (una carga equivale a 125 kg) al a\u00f1o; su cosecha total es de aproximadamente una tonelada de caf\u00e9 verde.<\/p><p>Como los tostadores son comerciantes especializados, les gusta saber c\u00f3mo Do\u00f1a Magdalena procesa y vende su caf\u00e9. Produce sobre todo caf\u00e9 lavado, pero a veces hace caf\u00e9 fermentado. La fermentaci\u00f3n aporta diferentes sabores al caf\u00e9 y suele hacerlo m\u00e1s interesante e inusual.<\/p><p>Funciona de forma ecol\u00f3gica y est\u00e1 certificada a trav\u00e9s de una cooperativa; su propio certificado costar\u00eda m\u00e1s de 1.000 euros al a\u00f1o.<\/p>\t\t\t\t\t\t<\/div>\n\t\t\t\t<\/div>\n\t\t\t\t\t<\/div>\n\t\t<\/div>\n\t\t\t\t\t<\/div>\n\t\t<\/section>\n\t\t\t\t<section class=\"elementor-section elementor-top-section elementor-element elementor-element-4074d86b elementor-section-boxed elementor-section-height-default elementor-section-height-default\" data-id=\"4074d86b\" data-element_type=\"section\">\n\t\t\t\t\t\t<div class=\"elementor-container elementor-column-gap-default\">\n\t\t\t\t\t<div class=\"elementor-column elementor-col-50 elementor-top-column elementor-element elementor-element-693806a9\" data-id=\"693806a9\" data-element_type=\"column\">\n\t\t\t<div class=\"elementor-widget-wrap elementor-element-populated\">\n\t\t\t\t\t\t<div class=\"elementor-element elementor-element-a8d72a6 elementor-widget elementor-widget-image\" data-id=\"a8d72a6\" data-element_type=\"widget\" data-widget_type=\"image.default\">\n\t\t\t\t<div class=\"elementor-widget-container\">\n\t\t\t\t\t\t\t\t\t\t<figure class=\"wp-caption\">\n\t\t\t\t\t\t\t\t\t\t<img decoding=\"async\" width=\"768\" height=\"1151\" src=\"https:\/\/fairtradeajourney.org\/wp-content\/uploads\/2021\/02\/DSC_0084-1-768x1151.jpg\" class=\"attachment-medium_large size-medium_large wp-image-622\" alt=\"Kaffeetrommel\" srcset=\"https:\/\/fairtradeajourney.org\/wp-content\/uploads\/2021\/02\/DSC_0084-1-768x1151.jpg 768w, https:\/\/fairtradeajourney.org\/wp-content\/uploads\/2021\/02\/DSC_0084-1-200x300.jpg 200w, https:\/\/fairtradeajourney.org\/wp-content\/uploads\/2021\/02\/DSC_0084-1-683x1024.jpg 683w, https:\/\/fairtradeajourney.org\/wp-content\/uploads\/2021\/02\/DSC_0084-1-1025x1536.jpg 1025w, https:\/\/fairtradeajourney.org\/wp-content\/uploads\/2021\/02\/DSC_0084-1-40x60.jpg 40w, https:\/\/fairtradeajourney.org\/wp-content\/uploads\/2021\/02\/DSC_0084-1.jpg 1366w\" sizes=\"(max-width: 768px) 100vw, 768px\" \/>\t\t\t\t\t\t\t\t\t\t\t<figcaption class=\"widget-image-caption wp-caption-text\">En este tambor, el grano de caf\u00e9 verde se libera de su cereza, la \"c\u00e1scara\", despu\u00e9s del lavado. Los granos de caf\u00e9 caen en el contenedor de acero inoxidable situado bajo el tambor. <\/figcaption>\n\t\t\t\t\t\t\t\t\t\t<\/figure>\n\t\t\t\t\t\t\t<\/div>\n\t\t\t\t<\/div>\n\t\t\t\t\t<\/div>\n\t\t<\/div>\n\t\t\t\t<div class=\"elementor-column elementor-col-50 elementor-top-column elementor-element elementor-element-5087149e\" data-id=\"5087149e\" data-element_type=\"column\">\n\t\t\t<div class=\"elementor-widget-wrap elementor-element-populated\">\n\t\t\t\t\t\t<div class=\"elementor-element elementor-element-2d35270b elementor-widget elementor-widget-image\" data-id=\"2d35270b\" data-element_type=\"widget\" data-widget_type=\"image.default\">\n\t\t\t\t<div class=\"elementor-widget-container\">\n\t\t\t\t\t\t\t\t\t\t<figure class=\"wp-caption\">\n\t\t\t\t\t\t\t\t\t\t<img loading=\"lazy\" decoding=\"async\" width=\"768\" height=\"512\" src=\"https:\/\/fairtradeajourney.org\/wp-content\/uploads\/2021\/02\/DSC_0086-1-768x512.jpg\" class=\"attachment-medium_large size-medium_large wp-image-623\" alt=\"\" srcset=\"https:\/\/fairtradeajourney.org\/wp-content\/uploads\/2021\/02\/DSC_0086-1-768x512.jpg 768w, https:\/\/fairtradeajourney.org\/wp-content\/uploads\/2021\/02\/DSC_0086-1-300x200.jpg 300w, https:\/\/fairtradeajourney.org\/wp-content\/uploads\/2021\/02\/DSC_0086-1-1024x683.jpg 1024w, https:\/\/fairtradeajourney.org\/wp-content\/uploads\/2021\/02\/DSC_0086-1-1536x1025.jpg 1536w, https:\/\/fairtradeajourney.org\/wp-content\/uploads\/2021\/02\/DSC_0086-1-450x300.jpg 450w, https:\/\/fairtradeajourney.org\/wp-content\/uploads\/2021\/02\/DSC_0086-1-90x60.jpg 90w, https:\/\/fairtradeajourney.org\/wp-content\/uploads\/2021\/02\/DSC_0086-1.jpg 2048w\" sizes=\"(max-width: 768px) 100vw, 768px\" \/>\t\t\t\t\t\t\t\t\t\t\t<figcaption class=\"widget-image-caption wp-caption-text\">Las  c\u00e1scaras, en cambio, caen en otro contenedor.<\/figcaption>\n\t\t\t\t\t\t\t\t\t\t<\/figure>\n\t\t\t\t\t\t\t<\/div>\n\t\t\t\t<\/div>\n\t\t\t\t\t<\/div>\n\t\t<\/div>\n\t\t\t\t\t<\/div>\n\t\t<\/section>\n\t\t\t\t<section class=\"elementor-section elementor-top-section elementor-element elementor-element-6841f32a elementor-section-boxed elementor-section-height-default elementor-section-height-default\" data-id=\"6841f32a\" data-element_type=\"section\">\n\t\t\t\t\t\t<div class=\"elementor-container elementor-column-gap-default\">\n\t\t\t\t\t<div class=\"elementor-column elementor-col-100 elementor-top-column elementor-element elementor-element-2955535b\" data-id=\"2955535b\" data-element_type=\"column\">\n\t\t\t<div class=\"elementor-widget-wrap elementor-element-populated\">\n\t\t\t\t\t\t<div class=\"elementor-element elementor-element-389f8930 elementor-widget elementor-widget-text-editor\" data-id=\"389f8930\" data-element_type=\"widget\" data-widget_type=\"text-editor.default\">\n\t\t\t\t<div class=\"elementor-widget-container\">\n\t\t\t\t\t\t\t<p>Despu\u00e9s de un recorrido por las plantaciones y el jard\u00edn con las plantas ex\u00f3ticas, obtenemos muestras del caf\u00e9 y tambi\u00e9n podemos degustar un Te de cascara (una infusi\u00f3n de la baya seca del caf\u00e9\/cereza, que de otro modo simplemente se compone como residuo de la producci\u00f3n de caf\u00e9). Es delicioso y tiene mucha cafe\u00edna. En cuanto al sabor,me recuerda un poco al t\u00e9 de rosa mosqueta.<\/p>\t\t\t\t\t\t<\/div>\n\t\t\t\t<\/div>\n\t\t\t\t\t<\/div>\n\t\t<\/div>\n\t\t\t\t\t<\/div>\n\t\t<\/section>\n\t\t\t\t<section class=\"elementor-section elementor-top-section elementor-element elementor-element-58f6fb3c elementor-section-boxed elementor-section-height-default elementor-section-height-default\" data-id=\"58f6fb3c\" data-element_type=\"section\">\n\t\t\t\t\t\t<div class=\"elementor-container elementor-column-gap-default\">\n\t\t\t\t\t<div class=\"elementor-column elementor-col-33 elementor-top-column elementor-element elementor-element-3b3d0838\" data-id=\"3b3d0838\" data-element_type=\"column\">\n\t\t\t<div class=\"elementor-widget-wrap elementor-element-populated\">\n\t\t\t\t\t\t<div class=\"elementor-element elementor-element-32c6159e elementor-widget elementor-widget-image\" data-id=\"32c6159e\" data-element_type=\"widget\" data-widget_type=\"image.default\">\n\t\t\t\t<div class=\"elementor-widget-container\">\n\t\t\t\t\t\t\t\t\t\t\t\t\t<img loading=\"lazy\" decoding=\"async\" width=\"1020\" height=\"680\" src=\"https:\/\/fairtradeajourney.org\/wp-content\/uploads\/2021\/02\/DSC_0079_2-1-1024x683.jpg\" class=\"attachment-large size-large wp-image-625\" alt=\"\" srcset=\"https:\/\/fairtradeajourney.org\/wp-content\/uploads\/2021\/02\/DSC_0079_2-1-1024x683.jpg 1024w, https:\/\/fairtradeajourney.org\/wp-content\/uploads\/2021\/02\/DSC_0079_2-1-300x200.jpg 300w, https:\/\/fairtradeajourney.org\/wp-content\/uploads\/2021\/02\/DSC_0079_2-1-768x512.jpg 768w, https:\/\/fairtradeajourney.org\/wp-content\/uploads\/2021\/02\/DSC_0079_2-1-1536x1024.jpg 1536w, https:\/\/fairtradeajourney.org\/wp-content\/uploads\/2021\/02\/DSC_0079_2-1-450x300.jpg 450w, https:\/\/fairtradeajourney.org\/wp-content\/uploads\/2021\/02\/DSC_0079_2-1-90x60.jpg 90w, https:\/\/fairtradeajourney.org\/wp-content\/uploads\/2021\/02\/DSC_0079_2-1.jpg 1620w\" sizes=\"(max-width: 1020px) 100vw, 1020px\" \/>\t\t\t\t\t\t\t\t\t\t\t\t\t<\/div>\n\t\t\t\t<\/div>\n\t\t\t\t\t<\/div>\n\t\t<\/div>\n\t\t\t\t<div class=\"elementor-column elementor-col-33 elementor-top-column elementor-element elementor-element-1eac822b\" data-id=\"1eac822b\" data-element_type=\"column\">\n\t\t\t<div class=\"elementor-widget-wrap elementor-element-populated\">\n\t\t\t\t\t\t<div class=\"elementor-element elementor-element-6f01ff48 elementor-widget elementor-widget-image\" data-id=\"6f01ff48\" data-element_type=\"widget\" data-widget_type=\"image.default\">\n\t\t\t\t<div class=\"elementor-widget-container\">\n\t\t\t\t\t\t\t\t\t\t\t\t\t<img loading=\"lazy\" decoding=\"async\" width=\"1020\" height=\"680\" src=\"https:\/\/fairtradeajourney.org\/wp-content\/uploads\/2021\/02\/DSC_0105_2-1-1024x683.jpg\" class=\"attachment-large size-large wp-image-626\" alt=\"\" srcset=\"https:\/\/fairtradeajourney.org\/wp-content\/uploads\/2021\/02\/DSC_0105_2-1-1024x683.jpg 1024w, https:\/\/fairtradeajourney.org\/wp-content\/uploads\/2021\/02\/DSC_0105_2-1-300x200.jpg 300w, https:\/\/fairtradeajourney.org\/wp-content\/uploads\/2021\/02\/DSC_0105_2-1-768x512.jpg 768w, https:\/\/fairtradeajourney.org\/wp-content\/uploads\/2021\/02\/DSC_0105_2-1-1536x1024.jpg 1536w, https:\/\/fairtradeajourney.org\/wp-content\/uploads\/2021\/02\/DSC_0105_2-1-450x300.jpg 450w, https:\/\/fairtradeajourney.org\/wp-content\/uploads\/2021\/02\/DSC_0105_2-1-90x60.jpg 90w, https:\/\/fairtradeajourney.org\/wp-content\/uploads\/2021\/02\/DSC_0105_2-1.jpg 1620w\" sizes=\"(max-width: 1020px) 100vw, 1020px\" \/>\t\t\t\t\t\t\t\t\t\t\t\t\t<\/div>\n\t\t\t\t<\/div>\n\t\t\t\t\t<\/div>\n\t\t<\/div>\n\t\t\t\t<div class=\"elementor-column elementor-col-33 elementor-top-column elementor-element elementor-element-43526fd7\" data-id=\"43526fd7\" data-element_type=\"column\">\n\t\t\t<div class=\"elementor-widget-wrap elementor-element-populated\">\n\t\t\t\t\t\t<div class=\"elementor-element elementor-element-7eda89ff elementor-widget elementor-widget-image\" data-id=\"7eda89ff\" data-element_type=\"widget\" data-widget_type=\"image.default\">\n\t\t\t\t<div class=\"elementor-widget-container\">\n\t\t\t\t\t\t\t\t\t\t\t\t\t<img loading=\"lazy\" decoding=\"async\" width=\"1020\" height=\"680\" src=\"https:\/\/fairtradeajourney.org\/wp-content\/uploads\/2021\/02\/DSC_0078_2-1-1024x683.jpg\" class=\"attachment-large size-large wp-image-624\" alt=\"\" srcset=\"https:\/\/fairtradeajourney.org\/wp-content\/uploads\/2021\/02\/DSC_0078_2-1-1024x683.jpg 1024w, https:\/\/fairtradeajourney.org\/wp-content\/uploads\/2021\/02\/DSC_0078_2-1-300x200.jpg 300w, https:\/\/fairtradeajourney.org\/wp-content\/uploads\/2021\/02\/DSC_0078_2-1-768x512.jpg 768w, https:\/\/fairtradeajourney.org\/wp-content\/uploads\/2021\/02\/DSC_0078_2-1-450x300.jpg 450w, https:\/\/fairtradeajourney.org\/wp-content\/uploads\/2021\/02\/DSC_0078_2-1-90x60.jpg 90w, https:\/\/fairtradeajourney.org\/wp-content\/uploads\/2021\/02\/DSC_0078_2-1.jpg 1296w\" sizes=\"(max-width: 1020px) 100vw, 1020px\" \/>\t\t\t\t\t\t\t\t\t\t\t\t\t<\/div>\n\t\t\t\t<\/div>\n\t\t\t\t\t<\/div>\n\t\t<\/div>\n\t\t\t\t\t<\/div>\n\t\t<\/section>\n\t\t\t\t<section class=\"elementor-section elementor-top-section elementor-element elementor-element-7972e920 elementor-section-boxed elementor-section-height-default elementor-section-height-default\" data-id=\"7972e920\" data-element_type=\"section\">\n\t\t\t\t\t\t<div class=\"elementor-container elementor-column-gap-default\">\n\t\t\t\t\t<div class=\"elementor-column elementor-col-50 elementor-top-column elementor-element elementor-element-2ba445f4\" data-id=\"2ba445f4\" data-element_type=\"column\">\n\t\t\t<div class=\"elementor-widget-wrap elementor-element-populated\">\n\t\t\t\t\t\t<div class=\"elementor-element elementor-element-41885175 elementor-widget elementor-widget-image\" data-id=\"41885175\" data-element_type=\"widget\" data-widget_type=\"image.default\">\n\t\t\t\t<div class=\"elementor-widget-container\">\n\t\t\t\t\t\t\t\t\t\t\t\t\t<img loading=\"lazy\" decoding=\"async\" width=\"1020\" height=\"679\" src=\"https:\/\/fairtradeajourney.org\/wp-content\/uploads\/2021\/02\/DSC_0109_2-1-1-1024x682.jpg\" class=\"attachment-large size-large wp-image-629\" alt=\"\" srcset=\"https:\/\/fairtradeajourney.org\/wp-content\/uploads\/2021\/02\/DSC_0109_2-1-1-1024x682.jpg 1024w, https:\/\/fairtradeajourney.org\/wp-content\/uploads\/2021\/02\/DSC_0109_2-1-1-300x200.jpg 300w, https:\/\/fairtradeajourney.org\/wp-content\/uploads\/2021\/02\/DSC_0109_2-1-1-768x512.jpg 768w, https:\/\/fairtradeajourney.org\/wp-content\/uploads\/2021\/02\/DSC_0109_2-1-1-450x300.jpg 450w, https:\/\/fairtradeajourney.org\/wp-content\/uploads\/2021\/02\/DSC_0109_2-1-1-90x60.jpg 90w, https:\/\/fairtradeajourney.org\/wp-content\/uploads\/2021\/02\/DSC_0109_2-1-1.jpg 1307w\" sizes=\"(max-width: 1020px) 100vw, 1020px\" \/>\t\t\t\t\t\t\t\t\t\t\t\t\t<\/div>\n\t\t\t\t<\/div>\n\t\t\t\t\t<\/div>\n\t\t<\/div>\n\t\t\t\t<div class=\"elementor-column elementor-col-50 elementor-top-column elementor-element elementor-element-7c0d8bb4\" data-id=\"7c0d8bb4\" data-element_type=\"column\">\n\t\t\t<div class=\"elementor-widget-wrap elementor-element-populated\">\n\t\t\t\t\t\t<div class=\"elementor-element elementor-element-5e1aecdc elementor-widget elementor-widget-image\" data-id=\"5e1aecdc\" data-element_type=\"widget\" data-widget_type=\"image.default\">\n\t\t\t\t<div class=\"elementor-widget-container\">\n\t\t\t\t\t\t\t\t\t\t\t\t\t<img loading=\"lazy\" decoding=\"async\" width=\"582\" height=\"388\" src=\"https:\/\/fairtradeajourney.org\/wp-content\/uploads\/2021\/02\/DSC_0121_2-1.jpg\" class=\"attachment-large size-large wp-image-630\" alt=\"\" srcset=\"https:\/\/fairtradeajourney.org\/wp-content\/uploads\/2021\/02\/DSC_0121_2-1.jpg 582w, https:\/\/fairtradeajourney.org\/wp-content\/uploads\/2021\/02\/DSC_0121_2-1-300x200.jpg 300w, https:\/\/fairtradeajourney.org\/wp-content\/uploads\/2021\/02\/DSC_0121_2-1-450x300.jpg 450w, https:\/\/fairtradeajourney.org\/wp-content\/uploads\/2021\/02\/DSC_0121_2-1-90x60.jpg 90w\" sizes=\"(max-width: 582px) 100vw, 582px\" \/>\t\t\t\t\t\t\t\t\t\t\t\t\t<\/div>\n\t\t\t\t<\/div>\n\t\t\t\t\t<\/div>\n\t\t<\/div>\n\t\t\t\t\t<\/div>\n\t\t<\/section>\n\t\t\t\t<section class=\"elementor-section elementor-top-section elementor-element elementor-element-56a97014 elementor-section-boxed elementor-section-height-default elementor-section-height-default\" data-id=\"56a97014\" data-element_type=\"section\">\n\t\t\t\t\t\t<div class=\"elementor-container elementor-column-gap-default\">\n\t\t\t\t\t<div class=\"elementor-column elementor-col-100 elementor-top-column elementor-element elementor-element-1d26de23\" data-id=\"1d26de23\" data-element_type=\"column\">\n\t\t\t<div class=\"elementor-widget-wrap elementor-element-populated\">\n\t\t\t\t\t\t<div class=\"elementor-element elementor-element-133f08c5 elementor-widget elementor-widget-text-editor\" data-id=\"133f08c5\" data-element_type=\"widget\" data-widget_type=\"text-editor.default\">\n\t\t\t\t<div class=\"elementor-widget-container\">\n\t\t\t\t\t\t\t<p>Luego de eso degustamos los diferentes caf\u00e9s que cultiva Do\u00f1a Magdalena. Son deliciosos y tienen precios razonables. Pero s\u00f3lo vende a trav\u00e9s de la cooperativa y tambi\u00e9n s\u00f3lo peque\u00f1as cantidades. Por eso todav\u00eda no es lo m\u00e1s adecuado para los tostadores de nuestro grupo.<\/p><p>Una vez m\u00e1s salimos a la veranda con la maravillosa vista al jard\u00edn ex\u00f3tico y volvemos a subir al minib\u00fas para continuar hasta el siguiente lugar: L\u00edbano (Tolima), a unos buenos 240 km de distancia. <br \/>Y as\u00ed pasamos el resto del d\u00eda en el carro.<\/p>\t\t\t\t\t\t<\/div>\n\t\t\t\t<\/div>\n\t\t\t\t\t<\/div>\n\t\t<\/div>\n\t\t\t\t\t<\/div>\n\t\t<\/section>\n\t\t\t\t<section class=\"elementor-section elementor-top-section elementor-element elementor-element-40330f6f elementor-section-boxed elementor-section-height-default elementor-section-height-default\" data-id=\"40330f6f\" data-element_type=\"section\">\n\t\t\t\t\t\t<div class=\"elementor-container elementor-column-gap-default\">\n\t\t\t\t\t<div class=\"elementor-column elementor-col-100 elementor-top-column elementor-element elementor-element-6a7cfb05\" data-id=\"6a7cfb05\" data-element_type=\"column\">\n\t\t\t<div class=\"elementor-widget-wrap\">\n\t\t\t\t\t\t\t<\/div>\n\t\t<\/div>\n\t\t\t\t\t<\/div>\n\t\t<\/section>\n\t\t\t\t<\/div>\n\t\t","protected":false},"excerpt":{"rendered":"<div class=\"seriesmeta\">Dieser Beitrag ist Teil 1 von 9 in der Serie <a href=\"https:\/\/fairtradeajourney.org\/series\/cafe-de-colombia-notas-de-viaje\/\" class=\"series-170\" title=\"Caf\u00e9 de Colombia - Notas de viaje\">Caf\u00e9 de Colombia - Notas de viaje<\/a><\/div><p>Es temprano cuando salgo de mi hotel en el centro de Bogot\u00e1. Me dirijo al aeropuerto, donde debo encontrarme con dd cient\u00edfica colombiana Xiomara y un grupo de tostadores de caf\u00e9 de Austria para explorar con ellos las plantaciones de caf\u00e9 de Colombia. Tambi\u00e9n estar\u00e1 Alexei, del Colectivo Caf\u00e9 Libertad. En el vest\u00edbulo del hotel &hellip; <\/p>\n","protected":false},"author":1,"featured_media":805,"comment_status":"open","ping_status":"open","sticky":false,"template":"","format":"standard","meta":[],"categories":[175,202],"tags":[181,228,183,185,179,177],"series":[170],"yoast_head":"<!-- This site is optimized with the Yoast SEO Premium plugin v18.0 (Yoast SEO v20.6) - https:\/\/yoast.com\/wordpress\/plugins\/seo\/ -->\n<title>Caf\u00e9 de Colombia - D\u00eda 1 &ndash; Fairtrade - a journey<\/title>\n<meta name=\"robots\" content=\"index, follow, max-snippet:-1, max-image-preview:large, max-video-preview:-1\" \/>\n<link rel=\"canonical\" href=\"https:\/\/fairtradeajourney.org\/es\/cafe-de-colombia-dia-1\/\" \/>\n<meta property=\"og:locale\" content=\"es_ES\" \/>\n<meta property=\"og:type\" content=\"article\" \/>\n<meta property=\"og:title\" content=\"Caf\u00e9 de Colombia - D\u00eda 1\" \/>\n<meta property=\"og:description\" content=\"Es temprano cuando salgo de mi hotel en el centro de Bogot\u00e1. Me dirijo al aeropuerto, donde debo encontrarme con dd cient\u00edfica colombiana Xiomara y un grupo de tostadores de caf\u00e9 de Austria para explorar con ellos las plantaciones de caf\u00e9 de Colombia. Tambi\u00e9n estar\u00e1 Alexei, del Colectivo Caf\u00e9 Libertad. En el vest\u00edbulo del hotel &hellip;\" \/>\n<meta property=\"og:url\" content=\"https:\/\/fairtradeajourney.org\/es\/cafe-de-colombia-dia-1\/\" \/>\n<meta property=\"og:site_name\" content=\"Fairtrade - a journey\" \/>\n<meta property=\"article:published_time\" content=\"2021-03-16T07:52:10+00:00\" \/>\n<meta property=\"article:modified_time\" content=\"2022-01-10T22:21:33+00:00\" \/>\n<meta property=\"og:image\" content=\"https:\/\/fairtradeajourney.org\/wp-content\/uploads\/2021\/03\/20200124_125128-2-900x500-1.jpg\" \/>\n\t<meta property=\"og:image:width\" content=\"900\" \/>\n\t<meta property=\"og:image:height\" content=\"506\" \/>\n\t<meta property=\"og:image:type\" content=\"image\/jpeg\" \/>\n<meta name=\"author\" content=\"stefanieschoeler\" \/>\n<meta name=\"twitter:card\" content=\"summary_large_image\" \/>\n<meta name=\"twitter:label1\" content=\"Escrito por\" \/>\n\t<meta name=\"twitter:data1\" content=\"stefanieschoeler\" \/>\n\t<meta name=\"twitter:label2\" content=\"Tiempo de lectura\" \/>\n\t<meta name=\"twitter:data2\" content=\"4 minutos\" \/>\n<script type=\"application\/ld+json\" class=\"yoast-schema-graph\">{\"@context\":\"https:\/\/schema.org\",\"@graph\":[{\"@type\":\"Article\",\"@id\":\"https:\/\/fairtradeajourney.org\/es\/cafe-de-colombia-dia-1\/#article\",\"isPartOf\":{\"@id\":\"https:\/\/fairtradeajourney.org\/es\/cafe-de-colombia-dia-1\/\"},\"author\":{\"name\":\"stefanieschoeler\",\"@id\":\"https:\/\/fairtradeajourney.org\/#\/schema\/person\/f7bc415c3cc89024dc9c6a1bdb5fed84\"},\"headline\":\"Caf\u00e9 de Colombia &#8211; D\u00eda 1\",\"datePublished\":\"2021-03-16T07:52:10+00:00\",\"dateModified\":\"2022-01-10T22:21:33+00:00\",\"mainEntityOfPage\":{\"@id\":\"https:\/\/fairtradeajourney.org\/es\/cafe-de-colombia-dia-1\/\"},\"wordCount\":556,\"commentCount\":0,\"publisher\":{\"@id\":\"https:\/\/fairtradeajourney.org\/#\/schema\/person\/f7bc415c3cc89024dc9c6a1bdb5fed84\"},\"keywords\":[\"cafe\",\"Colombia\",\"comercio justo\",\"fairtrade\",\"mochilleros\",\"viaje\"],\"articleSection\":[\"Caf\u00e9 de Colombia - Notas de viaje\",\"Comercio Justo\"],\"inLanguage\":\"es\",\"potentialAction\":[{\"@type\":\"CommentAction\",\"name\":\"Comment\",\"target\":[\"https:\/\/fairtradeajourney.org\/es\/cafe-de-colombia-dia-1\/#respond\"]}]},{\"@type\":\"WebPage\",\"@id\":\"https:\/\/fairtradeajourney.org\/es\/cafe-de-colombia-dia-1\/\",\"url\":\"https:\/\/fairtradeajourney.org\/es\/cafe-de-colombia-dia-1\/\",\"name\":\"Caf\u00e9 de Colombia - D\u00eda 1 &ndash; Fairtrade - a journey\",\"isPartOf\":{\"@id\":\"https:\/\/fairtradeajourney.org\/#website\"},\"datePublished\":\"2021-03-16T07:52:10+00:00\",\"dateModified\":\"2022-01-10T22:21:33+00:00\",\"breadcrumb\":{\"@id\":\"https:\/\/fairtradeajourney.org\/es\/cafe-de-colombia-dia-1\/#breadcrumb\"},\"inLanguage\":\"es\",\"potentialAction\":[{\"@type\":\"ReadAction\",\"target\":[\"https:\/\/fairtradeajourney.org\/es\/cafe-de-colombia-dia-1\/\"]}]},{\"@type\":\"BreadcrumbList\",\"@id\":\"https:\/\/fairtradeajourney.org\/es\/cafe-de-colombia-dia-1\/#breadcrumb\",\"itemListElement\":[{\"@type\":\"ListItem\",\"position\":1,\"name\":\"Startseite\",\"item\":\"https:\/\/fairtradeajourney.org\/\"},{\"@type\":\"ListItem\",\"position\":2,\"name\":\"Caf\u00e9 de Colombia &#8211; D\u00eda 1\"}]},{\"@type\":\"WebSite\",\"@id\":\"https:\/\/fairtradeajourney.org\/#website\",\"url\":\"https:\/\/fairtradeajourney.org\/\",\"name\":\"Fairtrade - a journey\",\"description\":\"Eine Website zum Thema Reisen und Fairtrade\",\"publisher\":{\"@id\":\"https:\/\/fairtradeajourney.org\/#\/schema\/person\/f7bc415c3cc89024dc9c6a1bdb5fed84\"},\"potentialAction\":[{\"@type\":\"SearchAction\",\"target\":{\"@type\":\"EntryPoint\",\"urlTemplate\":\"https:\/\/fairtradeajourney.org\/?s={search_term_string}\"},\"query-input\":\"required name=search_term_string\"}],\"inLanguage\":\"es\"},{\"@type\":[\"Person\",\"Organization\"],\"@id\":\"https:\/\/fairtradeajourney.org\/#\/schema\/person\/f7bc415c3cc89024dc9c6a1bdb5fed84\",\"name\":\"stefanieschoeler\",\"image\":{\"@type\":\"ImageObject\",\"inLanguage\":\"es\",\"@id\":\"https:\/\/fairtradeajourney.org\/#\/schema\/person\/image\/\",\"url\":\"https:\/\/secure.gravatar.com\/avatar\/852d1891ea21034b4f30f4ccbd610837?s=96&d=monsterid&r=g\",\"contentUrl\":\"https:\/\/secure.gravatar.com\/avatar\/852d1891ea21034b4f30f4ccbd610837?s=96&d=monsterid&r=g\",\"caption\":\"stefanieschoeler\"},\"logo\":{\"@id\":\"https:\/\/fairtradeajourney.org\/#\/schema\/person\/image\/\"}}]}<\/script>\n<!-- \/ Yoast SEO Premium plugin. -->","yoast_head_json":{"title":"Caf\u00e9 de Colombia - D\u00eda 1 &ndash; Fairtrade - a journey","robots":{"index":"index","follow":"follow","max-snippet":"max-snippet:-1","max-image-preview":"max-image-preview:large","max-video-preview":"max-video-preview:-1"},"canonical":"https:\/\/fairtradeajourney.org\/es\/cafe-de-colombia-dia-1\/","og_locale":"es_ES","og_type":"article","og_title":"Caf\u00e9 de Colombia - D\u00eda 1","og_description":"Es temprano cuando salgo de mi hotel en el centro de Bogot\u00e1. Me dirijo al aeropuerto, donde debo encontrarme con dd cient\u00edfica colombiana Xiomara y un grupo de tostadores de caf\u00e9 de Austria para explorar con ellos las plantaciones de caf\u00e9 de Colombia. Tambi\u00e9n estar\u00e1 Alexei, del Colectivo Caf\u00e9 Libertad. En el vest\u00edbulo del hotel &hellip;","og_url":"https:\/\/fairtradeajourney.org\/es\/cafe-de-colombia-dia-1\/","og_site_name":"Fairtrade - a journey","article_published_time":"2021-03-16T07:52:10+00:00","article_modified_time":"2022-01-10T22:21:33+00:00","og_image":[{"width":900,"height":506,"url":"https:\/\/fairtradeajourney.org\/wp-content\/uploads\/2021\/03\/20200124_125128-2-900x500-1.jpg","type":"image\/jpeg"}],"author":"stefanieschoeler","twitter_card":"summary_large_image","twitter_misc":{"Escrito por":"stefanieschoeler","Tiempo de lectura":"4 minutos"},"schema":{"@context":"https:\/\/schema.org","@graph":[{"@type":"Article","@id":"https:\/\/fairtradeajourney.org\/es\/cafe-de-colombia-dia-1\/#article","isPartOf":{"@id":"https:\/\/fairtradeajourney.org\/es\/cafe-de-colombia-dia-1\/"},"author":{"name":"stefanieschoeler","@id":"https:\/\/fairtradeajourney.org\/#\/schema\/person\/f7bc415c3cc89024dc9c6a1bdb5fed84"},"headline":"Caf\u00e9 de Colombia &#8211; D\u00eda 1","datePublished":"2021-03-16T07:52:10+00:00","dateModified":"2022-01-10T22:21:33+00:00","mainEntityOfPage":{"@id":"https:\/\/fairtradeajourney.org\/es\/cafe-de-colombia-dia-1\/"},"wordCount":556,"commentCount":0,"publisher":{"@id":"https:\/\/fairtradeajourney.org\/#\/schema\/person\/f7bc415c3cc89024dc9c6a1bdb5fed84"},"keywords":["cafe","Colombia","comercio justo","fairtrade","mochilleros","viaje"],"articleSection":["Caf\u00e9 de Colombia - Notas de viaje","Comercio Justo"],"inLanguage":"es","potentialAction":[{"@type":"CommentAction","name":"Comment","target":["https:\/\/fairtradeajourney.org\/es\/cafe-de-colombia-dia-1\/#respond"]}]},{"@type":"WebPage","@id":"https:\/\/fairtradeajourney.org\/es\/cafe-de-colombia-dia-1\/","url":"https:\/\/fairtradeajourney.org\/es\/cafe-de-colombia-dia-1\/","name":"Caf\u00e9 de Colombia - D\u00eda 1 &ndash; Fairtrade - a journey","isPartOf":{"@id":"https:\/\/fairtradeajourney.org\/#website"},"datePublished":"2021-03-16T07:52:10+00:00","dateModified":"2022-01-10T22:21:33+00:00","breadcrumb":{"@id":"https:\/\/fairtradeajourney.org\/es\/cafe-de-colombia-dia-1\/#breadcrumb"},"inLanguage":"es","potentialAction":[{"@type":"ReadAction","target":["https:\/\/fairtradeajourney.org\/es\/cafe-de-colombia-dia-1\/"]}]},{"@type":"BreadcrumbList","@id":"https:\/\/fairtradeajourney.org\/es\/cafe-de-colombia-dia-1\/#breadcrumb","itemListElement":[{"@type":"ListItem","position":1,"name":"Startseite","item":"https:\/\/fairtradeajourney.org\/"},{"@type":"ListItem","position":2,"name":"Caf\u00e9 de Colombia &#8211; D\u00eda 1"}]},{"@type":"WebSite","@id":"https:\/\/fairtradeajourney.org\/#website","url":"https:\/\/fairtradeajourney.org\/","name":"Fairtrade - a journey","description":"Eine Website zum Thema Reisen und Fairtrade","publisher":{"@id":"https:\/\/fairtradeajourney.org\/#\/schema\/person\/f7bc415c3cc89024dc9c6a1bdb5fed84"},"potentialAction":[{"@type":"SearchAction","target":{"@type":"EntryPoint","urlTemplate":"https:\/\/fairtradeajourney.org\/?s={search_term_string}"},"query-input":"required name=search_term_string"}],"inLanguage":"es"},{"@type":["Person","Organization"],"@id":"https:\/\/fairtradeajourney.org\/#\/schema\/person\/f7bc415c3cc89024dc9c6a1bdb5fed84","name":"stefanieschoeler","image":{"@type":"ImageObject","inLanguage":"es","@id":"https:\/\/fairtradeajourney.org\/#\/schema\/person\/image\/","url":"https:\/\/secure.gravatar.com\/avatar\/852d1891ea21034b4f30f4ccbd610837?s=96&d=monsterid&r=g","contentUrl":"https:\/\/secure.gravatar.com\/avatar\/852d1891ea21034b4f30f4ccbd610837?s=96&d=monsterid&r=g","caption":"stefanieschoeler"},"logo":{"@id":"https:\/\/fairtradeajourney.org\/#\/schema\/person\/image\/"}}]}},"_links":{"self":[{"href":"https:\/\/fairtradeajourney.org\/es\/wp-json\/wp\/v2\/posts\/776"}],"collection":[{"href":"https:\/\/fairtradeajourney.org\/es\/wp-json\/wp\/v2\/posts"}],"about":[{"href":"https:\/\/fairtradeajourney.org\/es\/wp-json\/wp\/v2\/types\/post"}],"author":[{"embeddable":true,"href":"https:\/\/fairtradeajourney.org\/es\/wp-json\/wp\/v2\/users\/1"}],"replies":[{"embeddable":true,"href":"https:\/\/fairtradeajourney.org\/es\/wp-json\/wp\/v2\/comments?post=776"}],"version-history":[{"count":0,"href":"https:\/\/fairtradeajourney.org\/es\/wp-json\/wp\/v2\/posts\/776\/revisions"}],"wp:featuredmedia":[{"embeddable":true,"href":"https:\/\/fairtradeajourney.org\/es\/wp-json\/wp\/v2\/media\/805"}],"wp:attachment":[{"href":"https:\/\/fairtradeajourney.org\/es\/wp-json\/wp\/v2\/media?parent=776"}],"wp:term":[{"taxonomy":"category","embeddable":true,"href":"https:\/\/fairtradeajourney.org\/es\/wp-json\/wp\/v2\/categories?post=776"},{"taxonomy":"post_tag","embeddable":true,"href":"https:\/\/fairtradeajourney.org\/es\/wp-json\/wp\/v2\/tags?post=776"},{"taxonomy":"series","embeddable":true,"href":"https:\/\/fairtradeajourney.org\/es\/wp-json\/wp\/v2\/series?post=776"}],"curies":[{"name":"wp","href":"https:\/\/api.w.org\/{rel}","templated":true}]}}