{"id":1040,"date":"2021-03-29T08:55:36","date_gmt":"2021-03-29T06:55:36","guid":{"rendered":"http:\/\/fairtradejourney.sifastammtisch.de\/?p=1040"},"modified":"2021-08-31T16:06:30","modified_gmt":"2021-08-31T14:06:30","slug":"cafe-de-colombia-dia-7-y-dia-8","status":"publish","type":"post","link":"https:\/\/fairtradeajourney.org\/es\/cafe-de-colombia-dia-7-y-dia-8\/","title":{"rendered":"Caf\u00e9 de Colombia &#8211; D\u00eda 7 y D\u00eda 8"},"content":{"rendered":"<div class=\"seriesmeta\">Dieser Beitrag ist Teil von 6 von 9 in der Serie <a href=\"https:\/\/fairtradeajourney.org\/series\/cafe-de-colombia-notas-de-viaje\/\" class=\"series-170\" title=\"Caf\u00e9 de Colombia - Notas de viaje\">Caf\u00e9 de Colombia - Notas de viaje<\/a><\/div>\t\t<div data-elementor-type=\"wp-post\" data-elementor-id=\"1040\" class=\"elementor elementor-1040\">\n\t\t\t\t\t\t<section class=\"elementor-section elementor-top-section elementor-element elementor-element-4fbc8b7b elementor-section-boxed elementor-section-height-default elementor-section-height-default\" data-id=\"4fbc8b7b\" data-element_type=\"section\">\n\t\t\t\t\t\t<div class=\"elementor-container elementor-column-gap-default\">\n\t\t\t\t\t<div class=\"elementor-column elementor-col-100 elementor-top-column elementor-element elementor-element-314646fd\" data-id=\"314646fd\" data-element_type=\"column\">\n\t\t\t<div class=\"elementor-widget-wrap elementor-element-populated\">\n\t\t\t\t\t\t<div class=\"elementor-element elementor-element-2abad34 elementor-widget elementor-widget-spacer\" data-id=\"2abad34\" data-element_type=\"widget\" data-widget_type=\"spacer.default\">\n\t\t\t\t<div class=\"elementor-widget-container\">\n\t\t\t\t\t<div class=\"elementor-spacer\">\n\t\t\t<div class=\"elementor-spacer-inner\"><\/div>\n\t\t<\/div>\n\t\t\t\t<\/div>\n\t\t\t\t<\/div>\n\t\t\t\t\t<\/div>\n\t\t<\/div>\n\t\t\t\t\t<\/div>\n\t\t<\/section>\n\t\t\t\t<section class=\"elementor-section elementor-top-section elementor-element elementor-element-a118a20 elementor-section-boxed elementor-section-height-default elementor-section-height-default\" data-id=\"a118a20\" data-element_type=\"section\">\n\t\t\t\t\t\t<div class=\"elementor-container elementor-column-gap-default\">\n\t\t\t\t\t<div class=\"elementor-column elementor-col-100 elementor-top-column elementor-element elementor-element-9f445d5\" data-id=\"9f445d5\" data-element_type=\"column\">\n\t\t\t<div class=\"elementor-widget-wrap elementor-element-populated\">\n\t\t\t\t\t\t\t<\/div>\n\t\t<\/div>\n\t\t\t\t\t<\/div>\n\t\t<\/section>\n\t\t\t\t<section class=\"elementor-section elementor-top-section elementor-element elementor-element-f58fd4b elementor-section-boxed elementor-section-height-default elementor-section-height-default\" data-id=\"f58fd4b\" data-element_type=\"section\">\n\t\t\t\t\t\t<div class=\"elementor-container elementor-column-gap-default\">\n\t\t\t\t\t<div class=\"elementor-column elementor-col-100 elementor-top-column elementor-element elementor-element-7cf84a2\" data-id=\"7cf84a2\" data-element_type=\"column\">\n\t\t\t<div class=\"elementor-widget-wrap elementor-element-populated\">\n\t\t\t\t\t\t<div class=\"elementor-element elementor-element-b921c67 elementor-widget elementor-widget-text-editor\" data-id=\"b921c67\" data-element_type=\"widget\" data-widget_type=\"text-editor.default\">\n\t\t\t\t<div class=\"elementor-widget-container\">\n\t\t\t\t\t\t\t<p>Al d\u00eda siguiente, con una escala en Bogot\u00e1, seguimos hacia Santa Marta, en el norte, en la costa caribe\u00f1a de Colombia. Aqu\u00ed visitamos la cooperativa <a href=\"https:\/\/redecolsierra.org\/\">\u201eRed Ecolsierra\u201c<\/a> &#8211; primero vamos a la sede, donde primero nos invitan a almorzar, luego vemos una breve historia de la formaci\u00f3n de la cooperativa y algunas cifras sobre su \u00e9xito.<\/p>\t\t\t\t\t\t<\/div>\n\t\t\t\t<\/div>\n\t\t\t\t\t<\/div>\n\t\t<\/div>\n\t\t\t\t\t<\/div>\n\t\t<\/section>\n\t\t\t\t<section class=\"elementor-section elementor-top-section elementor-element elementor-element-536447c7 elementor-section-boxed elementor-section-height-default elementor-section-height-default\" data-id=\"536447c7\" data-element_type=\"section\">\n\t\t\t\t\t\t<div class=\"elementor-container elementor-column-gap-default\">\n\t\t\t\t\t<div class=\"elementor-column elementor-col-50 elementor-top-column elementor-element elementor-element-34f68426\" data-id=\"34f68426\" data-element_type=\"column\">\n\t\t\t<div class=\"elementor-widget-wrap elementor-element-populated\">\n\t\t\t\t\t\t<div class=\"elementor-element elementor-element-4a6e1b6c elementor-widget elementor-widget-image\" data-id=\"4a6e1b6c\" data-element_type=\"widget\" data-widget_type=\"image.default\">\n\t\t\t\t<div class=\"elementor-widget-container\">\n\t\t\t\t\t\t\t\t\t\t<figure class=\"wp-caption\">\n\t\t\t\t\t\t\t\t\t\t<img fetchpriority=\"high\" decoding=\"async\" width=\"1020\" height=\"574\" src=\"https:\/\/fairtradeajourney.org\/wp-content\/uploads\/2021\/03\/20200131_175949_Kopie-1024x576.jpg\" class=\"attachment-large size-large wp-image-921\" alt=\"\" srcset=\"https:\/\/fairtradeajourney.org\/wp-content\/uploads\/2021\/03\/20200131_175949_Kopie-1024x576.jpg 1024w, https:\/\/fairtradeajourney.org\/wp-content\/uploads\/2021\/03\/20200131_175949_Kopie-300x169.jpg 300w, https:\/\/fairtradeajourney.org\/wp-content\/uploads\/2021\/03\/20200131_175949_Kopie-768x432.jpg 768w, https:\/\/fairtradeajourney.org\/wp-content\/uploads\/2021\/03\/20200131_175949_Kopie-1536x864.jpg 1536w, https:\/\/fairtradeajourney.org\/wp-content\/uploads\/2021\/03\/20200131_175949_Kopie-2048x1153.jpg 2048w, https:\/\/fairtradeajourney.org\/wp-content\/uploads\/2021\/03\/20200131_175949_Kopie-107x60.jpg 107w\" sizes=\"(max-width: 1020px) 100vw, 1020px\" \/>\t\t\t\t\t\t\t\t\t\t\t<figcaption class=\"widget-image-caption wp-caption-text\">V\u00edctor de la Red Ecolsierra nos muestra d\u00f3nde se cultiva el caf\u00e9 de la cooperativa en Sierra Nevada.<\/figcaption>\n\t\t\t\t\t\t\t\t\t\t<\/figure>\n\t\t\t\t\t\t\t<\/div>\n\t\t\t\t<\/div>\n\t\t\t\t\t<\/div>\n\t\t<\/div>\n\t\t\t\t<div class=\"elementor-column elementor-col-50 elementor-top-column elementor-element elementor-element-41bc240e\" data-id=\"41bc240e\" data-element_type=\"column\">\n\t\t\t<div class=\"elementor-widget-wrap elementor-element-populated\">\n\t\t\t\t\t\t<div class=\"elementor-element elementor-element-143b3605 elementor-widget elementor-widget-text-editor\" data-id=\"143b3605\" data-element_type=\"widget\" data-widget_type=\"text-editor.default\">\n\t\t\t\t<div class=\"elementor-widget-container\">\n\t\t\t\t\t\t\t<p>A diferencia de otras cooperativas que hemos visitado, el intercambio se siente como algo \u00abnatural\u00bb. Nuestra persona de contacto est\u00e1 acostumbrada a hablar y negociar con importadores de Europa y Estados Unidos. Se muestra seguro de s\u00ed mismo, elocuente y amable. Nos sirven caf\u00e9 y agua y nos sentamos en una sala de conferencias con aire acondicionado.<\/p>\t\t\t\t\t\t<\/div>\n\t\t\t\t<\/div>\n\t\t\t\t\t<\/div>\n\t\t<\/div>\n\t\t\t\t\t<\/div>\n\t\t<\/section>\n\t\t\t\t<section class=\"elementor-section elementor-top-section elementor-element elementor-element-8f1245 elementor-section-boxed elementor-section-height-default elementor-section-height-default\" data-id=\"8f1245\" data-element_type=\"section\">\n\t\t\t\t\t\t<div class=\"elementor-container elementor-column-gap-default\">\n\t\t\t\t\t<div class=\"elementor-column elementor-col-100 elementor-top-column elementor-element elementor-element-6d52c472\" data-id=\"6d52c472\" data-element_type=\"column\">\n\t\t\t<div class=\"elementor-widget-wrap elementor-element-populated\">\n\t\t\t\t\t\t<div class=\"elementor-element elementor-element-160886cc elementor-widget elementor-widget-text-editor\" data-id=\"160886cc\" data-element_type=\"widget\" data-widget_type=\"text-editor.default\">\n\t\t\t\t<div class=\"elementor-widget-container\">\n\t\t\t\t\t\t\t<p>Luego, por \u00faltimo, se vuelve al laboratorio para la toma de muestras, con el mismo procedimiento que en los otros lugares.<\/p><p>Los tostadores est\u00e1n encantados. De todos modos, el <a href=\"http:\/\/fairtradejourney.sifastammtisch.de\/es\/2020\/03\/30\/visita-al-cafe-libertad-kollektiv-en-hamburgo\/\">colectivo del Caf\u00e9 Libertad ya es cliente de Red Ecolsierra<\/a>. Los otros tostadores estar\u00e1n despu\u00e9s del viaje. Como La Red lleva mucho tiempo apostando por el comercio directo, tiene experiencia en este tipo de cooperaciones, sabe lo que quieren los clientes y tambi\u00e9n sabe c\u00f3mo exportar bien. Y eso no es tan f\u00e1cil, porque implica un mont\u00f3n de papeleo.<\/p><p>Pero primero queremos averiguar d\u00f3nde se cultiva realmente el caf\u00e9 que probamos aqu\u00ed. Pero el camino no es tan f\u00e1cil. Y as\u00ed pasamos la noche de nuevo en Santa Marta, disfrutamos de la vida callejera caribe\u00f1a de la animada ciudad y nos encontramos con el grupo de La Red, que nos acompa\u00f1ar\u00e1 a los cafetos s\u00f3lo a la ma\u00f1ana siguiente de nuevo.<\/p>\t\t\t\t\t\t<\/div>\n\t\t\t\t<\/div>\n\t\t\t\t\t<\/div>\n\t\t<\/div>\n\t\t\t\t\t<\/div>\n\t\t<\/section>\n\t\t\t\t<\/div>\n\t\t","protected":false},"excerpt":{"rendered":"<div class=\"seriesmeta\">Dieser Beitrag ist Teil 6 von 9 in der Serie <a href=\"https:\/\/fairtradeajourney.org\/series\/cafe-de-colombia-notas-de-viaje\/\" class=\"series-170\" title=\"Caf\u00e9 de Colombia - Notas de viaje\">Caf\u00e9 de Colombia - Notas de viaje<\/a><\/div><p>Al d\u00eda siguiente, con una escala en Bogot\u00e1, seguimos hacia Santa Marta, en el norte, en la costa caribe\u00f1a de Colombia. Aqu\u00ed visitamos la cooperativa \u201eRed Ecolsierra\u201c &#8211; primero vamos a la sede, donde primero nos invitan a almorzar, luego vemos una breve historia de la formaci\u00f3n de la cooperativa y algunas cifras sobre su &hellip; <\/p>\n","protected":false},"author":1,"featured_media":1042,"comment_status":"open","ping_status":"open","sticky":false,"template":"","format":"standard","meta":[],"categories":[175,202],"tags":[181,165,183,185,179,177],"series":[170],"yoast_head":"<!-- This site is optimized with the Yoast SEO Premium plugin v18.0 (Yoast SEO v20.6) - https:\/\/yoast.com\/wordpress\/plugins\/seo\/ -->\n<title>Caf\u00e9 de Colombia - D\u00eda 7 y D\u00eda 8 &ndash; Fairtrade - a journey<\/title>\n<meta name=\"robots\" content=\"index, follow, max-snippet:-1, max-image-preview:large, max-video-preview:-1\" \/>\n<link rel=\"canonical\" href=\"https:\/\/fairtradeajourney.org\/es\/cafe-de-colombia-dia-7-y-dia-8\/\" \/>\n<meta property=\"og:locale\" content=\"es_ES\" \/>\n<meta property=\"og:type\" content=\"article\" \/>\n<meta property=\"og:title\" content=\"Caf\u00e9 de Colombia - D\u00eda 7 y D\u00eda 8\" \/>\n<meta property=\"og:description\" content=\"Al d\u00eda siguiente, con una escala en Bogot\u00e1, seguimos hacia Santa Marta, en el norte, en la costa caribe\u00f1a de Colombia. Aqu\u00ed visitamos la cooperativa \u201eRed Ecolsierra\u201c &#8211; primero vamos a la sede, donde primero nos invitan a almorzar, luego vemos una breve historia de la formaci\u00f3n de la cooperativa y algunas cifras sobre su &hellip;\" \/>\n<meta property=\"og:url\" content=\"https:\/\/fairtradeajourney.org\/es\/cafe-de-colombia-dia-7-y-dia-8\/\" \/>\n<meta property=\"og:site_name\" content=\"Fairtrade - a journey\" \/>\n<meta property=\"article:published_time\" content=\"2021-03-29T06:55:36+00:00\" \/>\n<meta property=\"article:modified_time\" content=\"2021-08-31T14:06:30+00:00\" \/>\n<meta property=\"og:image\" content=\"https:\/\/fairtradeajourney.org\/wp-content\/uploads\/2021\/03\/20200131_153924-2-1410x600-2.jpg\" \/>\n\t<meta property=\"og:image:width\" content=\"900\" \/>\n\t<meta property=\"og:image:height\" content=\"383\" \/>\n\t<meta property=\"og:image:type\" content=\"image\/jpeg\" \/>\n<meta name=\"author\" content=\"stefanieschoeler\" \/>\n<meta name=\"twitter:card\" content=\"summary_large_image\" \/>\n<meta name=\"twitter:label1\" content=\"Escrito por\" \/>\n\t<meta name=\"twitter:data1\" content=\"stefanieschoeler\" \/>\n\t<meta name=\"twitter:label2\" content=\"Tiempo de lectura\" \/>\n\t<meta name=\"twitter:data2\" content=\"2 minutos\" \/>\n<script type=\"application\/ld+json\" class=\"yoast-schema-graph\">{\"@context\":\"https:\/\/schema.org\",\"@graph\":[{\"@type\":\"Article\",\"@id\":\"https:\/\/fairtradeajourney.org\/es\/cafe-de-colombia-dia-7-y-dia-8\/#article\",\"isPartOf\":{\"@id\":\"https:\/\/fairtradeajourney.org\/es\/cafe-de-colombia-dia-7-y-dia-8\/\"},\"author\":{\"name\":\"stefanieschoeler\",\"@id\":\"https:\/\/fairtradeajourney.org\/#\/schema\/person\/f7bc415c3cc89024dc9c6a1bdb5fed84\"},\"headline\":\"Caf\u00e9 de Colombia &#8211; D\u00eda 7 y D\u00eda 8\",\"datePublished\":\"2021-03-29T06:55:36+00:00\",\"dateModified\":\"2021-08-31T14:06:30+00:00\",\"mainEntityOfPage\":{\"@id\":\"https:\/\/fairtradeajourney.org\/es\/cafe-de-colombia-dia-7-y-dia-8\/\"},\"wordCount\":308,\"commentCount\":0,\"publisher\":{\"@id\":\"https:\/\/fairtradeajourney.org\/#\/schema\/person\/f7bc415c3cc89024dc9c6a1bdb5fed84\"},\"keywords\":[\"cafe\",\"Colombia\",\"comercio justo\",\"fairtrade\",\"mochilleros\",\"viaje\"],\"articleSection\":[\"Caf\u00e9 de Colombia - Notas de viaje\",\"Comercio Justo\"],\"inLanguage\":\"es\",\"potentialAction\":[{\"@type\":\"CommentAction\",\"name\":\"Comment\",\"target\":[\"https:\/\/fairtradeajourney.org\/es\/cafe-de-colombia-dia-7-y-dia-8\/#respond\"]}]},{\"@type\":\"WebPage\",\"@id\":\"https:\/\/fairtradeajourney.org\/es\/cafe-de-colombia-dia-7-y-dia-8\/\",\"url\":\"https:\/\/fairtradeajourney.org\/es\/cafe-de-colombia-dia-7-y-dia-8\/\",\"name\":\"Caf\u00e9 de Colombia - D\u00eda 7 y D\u00eda 8 &ndash; Fairtrade - a journey\",\"isPartOf\":{\"@id\":\"https:\/\/fairtradeajourney.org\/#website\"},\"datePublished\":\"2021-03-29T06:55:36+00:00\",\"dateModified\":\"2021-08-31T14:06:30+00:00\",\"breadcrumb\":{\"@id\":\"https:\/\/fairtradeajourney.org\/es\/cafe-de-colombia-dia-7-y-dia-8\/#breadcrumb\"},\"inLanguage\":\"es\",\"potentialAction\":[{\"@type\":\"ReadAction\",\"target\":[\"https:\/\/fairtradeajourney.org\/es\/cafe-de-colombia-dia-7-y-dia-8\/\"]}]},{\"@type\":\"BreadcrumbList\",\"@id\":\"https:\/\/fairtradeajourney.org\/es\/cafe-de-colombia-dia-7-y-dia-8\/#breadcrumb\",\"itemListElement\":[{\"@type\":\"ListItem\",\"position\":1,\"name\":\"Startseite\",\"item\":\"https:\/\/fairtradeajourney.org\/\"},{\"@type\":\"ListItem\",\"position\":2,\"name\":\"Caf\u00e9 de Colombia &#8211; D\u00eda 7 y D\u00eda 8\"}]},{\"@type\":\"WebSite\",\"@id\":\"https:\/\/fairtradeajourney.org\/#website\",\"url\":\"https:\/\/fairtradeajourney.org\/\",\"name\":\"Fairtrade - a journey\",\"description\":\"Eine Website zum Thema Reisen und Fairtrade\",\"publisher\":{\"@id\":\"https:\/\/fairtradeajourney.org\/#\/schema\/person\/f7bc415c3cc89024dc9c6a1bdb5fed84\"},\"potentialAction\":[{\"@type\":\"SearchAction\",\"target\":{\"@type\":\"EntryPoint\",\"urlTemplate\":\"https:\/\/fairtradeajourney.org\/?s={search_term_string}\"},\"query-input\":\"required name=search_term_string\"}],\"inLanguage\":\"es\"},{\"@type\":[\"Person\",\"Organization\"],\"@id\":\"https:\/\/fairtradeajourney.org\/#\/schema\/person\/f7bc415c3cc89024dc9c6a1bdb5fed84\",\"name\":\"stefanieschoeler\",\"image\":{\"@type\":\"ImageObject\",\"inLanguage\":\"es\",\"@id\":\"https:\/\/fairtradeajourney.org\/#\/schema\/person\/image\/\",\"url\":\"https:\/\/secure.gravatar.com\/avatar\/852d1891ea21034b4f30f4ccbd610837?s=96&d=monsterid&r=g\",\"contentUrl\":\"https:\/\/secure.gravatar.com\/avatar\/852d1891ea21034b4f30f4ccbd610837?s=96&d=monsterid&r=g\",\"caption\":\"stefanieschoeler\"},\"logo\":{\"@id\":\"https:\/\/fairtradeajourney.org\/#\/schema\/person\/image\/\"}}]}<\/script>\n<!-- \/ Yoast SEO Premium plugin. -->","yoast_head_json":{"title":"Caf\u00e9 de Colombia - D\u00eda 7 y D\u00eda 8 &ndash; Fairtrade - a journey","robots":{"index":"index","follow":"follow","max-snippet":"max-snippet:-1","max-image-preview":"max-image-preview:large","max-video-preview":"max-video-preview:-1"},"canonical":"https:\/\/fairtradeajourney.org\/es\/cafe-de-colombia-dia-7-y-dia-8\/","og_locale":"es_ES","og_type":"article","og_title":"Caf\u00e9 de Colombia - D\u00eda 7 y D\u00eda 8","og_description":"Al d\u00eda siguiente, con una escala en Bogot\u00e1, seguimos hacia Santa Marta, en el norte, en la costa caribe\u00f1a de Colombia. Aqu\u00ed visitamos la cooperativa \u201eRed Ecolsierra\u201c &#8211; primero vamos a la sede, donde primero nos invitan a almorzar, luego vemos una breve historia de la formaci\u00f3n de la cooperativa y algunas cifras sobre su &hellip;","og_url":"https:\/\/fairtradeajourney.org\/es\/cafe-de-colombia-dia-7-y-dia-8\/","og_site_name":"Fairtrade - a journey","article_published_time":"2021-03-29T06:55:36+00:00","article_modified_time":"2021-08-31T14:06:30+00:00","og_image":[{"width":900,"height":383,"url":"https:\/\/fairtradeajourney.org\/wp-content\/uploads\/2021\/03\/20200131_153924-2-1410x600-2.jpg","type":"image\/jpeg"}],"author":"stefanieschoeler","twitter_card":"summary_large_image","twitter_misc":{"Escrito por":"stefanieschoeler","Tiempo de lectura":"2 minutos"},"schema":{"@context":"https:\/\/schema.org","@graph":[{"@type":"Article","@id":"https:\/\/fairtradeajourney.org\/es\/cafe-de-colombia-dia-7-y-dia-8\/#article","isPartOf":{"@id":"https:\/\/fairtradeajourney.org\/es\/cafe-de-colombia-dia-7-y-dia-8\/"},"author":{"name":"stefanieschoeler","@id":"https:\/\/fairtradeajourney.org\/#\/schema\/person\/f7bc415c3cc89024dc9c6a1bdb5fed84"},"headline":"Caf\u00e9 de Colombia &#8211; D\u00eda 7 y D\u00eda 8","datePublished":"2021-03-29T06:55:36+00:00","dateModified":"2021-08-31T14:06:30+00:00","mainEntityOfPage":{"@id":"https:\/\/fairtradeajourney.org\/es\/cafe-de-colombia-dia-7-y-dia-8\/"},"wordCount":308,"commentCount":0,"publisher":{"@id":"https:\/\/fairtradeajourney.org\/#\/schema\/person\/f7bc415c3cc89024dc9c6a1bdb5fed84"},"keywords":["cafe","Colombia","comercio justo","fairtrade","mochilleros","viaje"],"articleSection":["Caf\u00e9 de Colombia - Notas de viaje","Comercio Justo"],"inLanguage":"es","potentialAction":[{"@type":"CommentAction","name":"Comment","target":["https:\/\/fairtradeajourney.org\/es\/cafe-de-colombia-dia-7-y-dia-8\/#respond"]}]},{"@type":"WebPage","@id":"https:\/\/fairtradeajourney.org\/es\/cafe-de-colombia-dia-7-y-dia-8\/","url":"https:\/\/fairtradeajourney.org\/es\/cafe-de-colombia-dia-7-y-dia-8\/","name":"Caf\u00e9 de Colombia - D\u00eda 7 y D\u00eda 8 &ndash; Fairtrade - a journey","isPartOf":{"@id":"https:\/\/fairtradeajourney.org\/#website"},"datePublished":"2021-03-29T06:55:36+00:00","dateModified":"2021-08-31T14:06:30+00:00","breadcrumb":{"@id":"https:\/\/fairtradeajourney.org\/es\/cafe-de-colombia-dia-7-y-dia-8\/#breadcrumb"},"inLanguage":"es","potentialAction":[{"@type":"ReadAction","target":["https:\/\/fairtradeajourney.org\/es\/cafe-de-colombia-dia-7-y-dia-8\/"]}]},{"@type":"BreadcrumbList","@id":"https:\/\/fairtradeajourney.org\/es\/cafe-de-colombia-dia-7-y-dia-8\/#breadcrumb","itemListElement":[{"@type":"ListItem","position":1,"name":"Startseite","item":"https:\/\/fairtradeajourney.org\/"},{"@type":"ListItem","position":2,"name":"Caf\u00e9 de Colombia &#8211; D\u00eda 7 y D\u00eda 8"}]},{"@type":"WebSite","@id":"https:\/\/fairtradeajourney.org\/#website","url":"https:\/\/fairtradeajourney.org\/","name":"Fairtrade - a journey","description":"Eine Website zum Thema Reisen und Fairtrade","publisher":{"@id":"https:\/\/fairtradeajourney.org\/#\/schema\/person\/f7bc415c3cc89024dc9c6a1bdb5fed84"},"potentialAction":[{"@type":"SearchAction","target":{"@type":"EntryPoint","urlTemplate":"https:\/\/fairtradeajourney.org\/?s={search_term_string}"},"query-input":"required name=search_term_string"}],"inLanguage":"es"},{"@type":["Person","Organization"],"@id":"https:\/\/fairtradeajourney.org\/#\/schema\/person\/f7bc415c3cc89024dc9c6a1bdb5fed84","name":"stefanieschoeler","image":{"@type":"ImageObject","inLanguage":"es","@id":"https:\/\/fairtradeajourney.org\/#\/schema\/person\/image\/","url":"https:\/\/secure.gravatar.com\/avatar\/852d1891ea21034b4f30f4ccbd610837?s=96&d=monsterid&r=g","contentUrl":"https:\/\/secure.gravatar.com\/avatar\/852d1891ea21034b4f30f4ccbd610837?s=96&d=monsterid&r=g","caption":"stefanieschoeler"},"logo":{"@id":"https:\/\/fairtradeajourney.org\/#\/schema\/person\/image\/"}}]}},"_links":{"self":[{"href":"https:\/\/fairtradeajourney.org\/es\/wp-json\/wp\/v2\/posts\/1040"}],"collection":[{"href":"https:\/\/fairtradeajourney.org\/es\/wp-json\/wp\/v2\/posts"}],"about":[{"href":"https:\/\/fairtradeajourney.org\/es\/wp-json\/wp\/v2\/types\/post"}],"author":[{"embeddable":true,"href":"https:\/\/fairtradeajourney.org\/es\/wp-json\/wp\/v2\/users\/1"}],"replies":[{"embeddable":true,"href":"https:\/\/fairtradeajourney.org\/es\/wp-json\/wp\/v2\/comments?post=1040"}],"version-history":[{"count":0,"href":"https:\/\/fairtradeajourney.org\/es\/wp-json\/wp\/v2\/posts\/1040\/revisions"}],"wp:featuredmedia":[{"embeddable":true,"href":"https:\/\/fairtradeajourney.org\/es\/wp-json\/wp\/v2\/media\/1042"}],"wp:attachment":[{"href":"https:\/\/fairtradeajourney.org\/es\/wp-json\/wp\/v2\/media?parent=1040"}],"wp:term":[{"taxonomy":"category","embeddable":true,"href":"https:\/\/fairtradeajourney.org\/es\/wp-json\/wp\/v2\/categories?post=1040"},{"taxonomy":"post_tag","embeddable":true,"href":"https:\/\/fairtradeajourney.org\/es\/wp-json\/wp\/v2\/tags?post=1040"},{"taxonomy":"series","embeddable":true,"href":"https:\/\/fairtradeajourney.org\/es\/wp-json\/wp\/v2\/series?post=1040"}],"curies":[{"name":"wp","href":"https:\/\/api.w.org\/{rel}","templated":true}]}}