{"id":384,"date":"2020-03-13T16:10:25","date_gmt":"2020-03-13T15:10:25","guid":{"rendered":"http:\/\/fairtradejourney.sifastammtisch.de\/?p=384"},"modified":"2020-11-05T10:19:57","modified_gmt":"2020-11-05T09:19:57","slug":"interview-with-jose-joaquin-ordonez","status":"publish","type":"post","link":"https:\/\/fairtradeajourney.org\/en\/interview-with-jose-joaquin-ordonez\/","title":{"rendered":"Interview with Jos\u00e9 Joaqu\u00edn Ordo\u00f1ez (Colombia)"},"content":{"rendered":"\n<p class=\"has-medium-font-size\">1. Where does your passion for coffee come from? Why do you work with coffee?<\/p>\n\n\n\n<p>I got connected to coffee through my family, we all produce\ncoffee, we were born and grew up with coffee and have been growing this bean\nfor generations.<\/p>\n\n\n\n<p>I work with coffee because our land and our climate favour coffee\ngrowing and because it is a source of income for the family economy.<\/p>\n\n\n\n<p class=\"has-medium-font-size\">2. What did you do before you worked with Coffee?<\/p>\n\n\n\n<p>In my life I was always busy with the tasks of coffee\ngrowing: picking coffee cherries, washing coffee, drying coffee, etc. Then I\nstarted to study the university. At first it was something other than\ncoffee.&nbsp; But life led me back to coffee and\nso I learned over time to taste and profile coffee specialties and &nbsp;fell in love with this beautiful activity.\nToday, our aim is to produce the best coffee and to manage the whole process\nwith the greatest care.<\/p>\n\n\n\n<p class=\"has-medium-font-size\">3. What is the most important thing about working in coffee\nfor you? What is a good coffee for you?<\/p>\n\n\n\n<p>The most important thing about working in coffee is that it\nis a family business. It is very nice to see how parents and children work\ntogether in a coffee plantation, harvesting and caring for the plants.<\/p>\n\n\n\n<p>For me, a good coffee is a coffee that, apart from a good\ndegree of purity in itself, contains characteristics of a region or pleasant\naromas that the consumer can enjoy, in other words it has a specific profile\nthat distinguishes it from other coffees.<\/p>\n\n\n\n<p class=\"has-medium-font-size\">4. How do you prefer to drink your own coffee?<\/p>\n\n\n\n<p>I prefer to drink filter coffee. My favourite filter is the\nV60, because this method of preparation allows the unique aromas of each coffee\nto be best appreciated.<\/p>\n\n\n\n<p class=\"has-medium-font-size\">5. What do you think about fair trade?<\/p>\n\n\n\n<p>Fair trade is the way to reward the work and dedication of\nthousands of families who do this work. If their work is profitable, the coffee\nfarmers will be motivated to develop and work to produce better quality coffee\nevery day.<\/p>\n\n\n\n<p class=\"has-medium-font-size\">6. Is there anything else you would like to tell\/add?<\/p>\n\n\n\n<p>Coffee is a world of its own.&nbsp; Every day, more and more consumers and experts are interested in how coffee is produced and processed &#8211; in their own way, they contribute to making this wonderful plant more appreciated and valued. This also honours those who are behind the production chain, especially the coffee farmer who produces this fruit by exposing himself to the sun and water every day for 8 months. He brings in the harvest and so the beans begin their long journey, reaching many parts of the world. <\/p>\n","protected":false},"excerpt":{"rendered":"<p>1. Where does your passion for coffee come from? Why do you work with coffee? I got connected to coffee through my family, we all produce coffee, we were born and grew up with coffee and have been growing this bean for generations. I work with coffee because our land and our climate favour coffee &hellip; <\/p>\n","protected":false},"author":1,"featured_media":594,"comment_status":"open","ping_status":"open","sticky":false,"template":"","format":"standard","meta":[],"categories":[144],"tags":[],"series":[],"yoast_head":"<!-- This site is optimized with the Yoast SEO Premium plugin v18.0 (Yoast SEO v20.6) - https:\/\/yoast.com\/wordpress\/plugins\/seo\/ -->\n<title>Interview with Jos\u00e9 Joaqu\u00edn Ordo\u00f1ez (Colombia) &ndash; Fairtrade - a journey<\/title>\n<meta name=\"robots\" content=\"index, follow, max-snippet:-1, max-image-preview:large, max-video-preview:-1\" \/>\n<link rel=\"canonical\" href=\"https:\/\/fairtradeajourney.org\/en\/interview-with-jose-joaquin-ordonez\/\" \/>\n<meta property=\"og:locale\" content=\"en_US\" \/>\n<meta property=\"og:type\" content=\"article\" \/>\n<meta property=\"og:title\" content=\"Interview with Jos\u00e9 Joaqu\u00edn Ordo\u00f1ez (Colombia)\" \/>\n<meta property=\"og:description\" content=\"1. Where does your passion for coffee come from? Why do you work with coffee? I got connected to coffee through my family, we all produce coffee, we were born and grew up with coffee and have been growing this bean for generations. I work with coffee because our land and our climate favour coffee &hellip;\" \/>\n<meta property=\"og:url\" content=\"https:\/\/fairtradeajourney.org\/en\/interview-with-jose-joaquin-ordonez\/\" \/>\n<meta property=\"og:site_name\" content=\"Fairtrade - a journey\" \/>\n<meta property=\"article:published_time\" content=\"2020-03-13T15:10:25+00:00\" \/>\n<meta property=\"article:modified_time\" content=\"2020-11-05T09:19:57+00:00\" \/>\n<meta property=\"og:image\" content=\"https:\/\/fairtradeajourney.org\/wp-content\/uploads\/2020\/03\/Jose-Joaquin-Ordonez_Querformat_900x600-1.jpg\" \/>\n\t<meta property=\"og:image:width\" content=\"900\" \/>\n\t<meta property=\"og:image:height\" content=\"691\" \/>\n\t<meta property=\"og:image:type\" content=\"image\/jpeg\" \/>\n<meta name=\"author\" content=\"stefanieschoeler\" \/>\n<meta name=\"twitter:card\" content=\"summary_large_image\" \/>\n<meta name=\"twitter:label1\" content=\"Written by\" \/>\n\t<meta name=\"twitter:data1\" content=\"stefanieschoeler\" \/>\n\t<meta name=\"twitter:label2\" content=\"Est. reading time\" \/>\n\t<meta name=\"twitter:data2\" content=\"2 minutes\" \/>\n<script type=\"application\/ld+json\" class=\"yoast-schema-graph\">{\"@context\":\"https:\/\/schema.org\",\"@graph\":[{\"@type\":\"Article\",\"@id\":\"https:\/\/fairtradeajourney.org\/en\/interview-with-jose-joaquin-ordonez\/#article\",\"isPartOf\":{\"@id\":\"https:\/\/fairtradeajourney.org\/en\/interview-with-jose-joaquin-ordonez\/\"},\"author\":{\"name\":\"stefanieschoeler\",\"@id\":\"https:\/\/fairtradeajourney.org\/#\/schema\/person\/f7bc415c3cc89024dc9c6a1bdb5fed84\"},\"headline\":\"Interview with Jos\u00e9 Joaqu\u00edn Ordo\u00f1ez (Colombia)\",\"datePublished\":\"2020-03-13T15:10:25+00:00\",\"dateModified\":\"2020-11-05T09:19:57+00:00\",\"mainEntityOfPage\":{\"@id\":\"https:\/\/fairtradeajourney.org\/en\/interview-with-jose-joaquin-ordonez\/\"},\"wordCount\":454,\"commentCount\":0,\"publisher\":{\"@id\":\"https:\/\/fairtradeajourney.org\/#\/schema\/person\/f7bc415c3cc89024dc9c6a1bdb5fed84\"},\"articleSection\":[\"Interviews in English\"],\"inLanguage\":\"en-US\",\"potentialAction\":[{\"@type\":\"CommentAction\",\"name\":\"Comment\",\"target\":[\"https:\/\/fairtradeajourney.org\/en\/interview-with-jose-joaquin-ordonez\/#respond\"]}]},{\"@type\":\"WebPage\",\"@id\":\"https:\/\/fairtradeajourney.org\/en\/interview-with-jose-joaquin-ordonez\/\",\"url\":\"https:\/\/fairtradeajourney.org\/en\/interview-with-jose-joaquin-ordonez\/\",\"name\":\"Interview with Jos\u00e9 Joaqu\u00edn Ordo\u00f1ez (Colombia) &ndash; Fairtrade - a journey\",\"isPartOf\":{\"@id\":\"https:\/\/fairtradeajourney.org\/#website\"},\"datePublished\":\"2020-03-13T15:10:25+00:00\",\"dateModified\":\"2020-11-05T09:19:57+00:00\",\"breadcrumb\":{\"@id\":\"https:\/\/fairtradeajourney.org\/en\/interview-with-jose-joaquin-ordonez\/#breadcrumb\"},\"inLanguage\":\"en-US\",\"potentialAction\":[{\"@type\":\"ReadAction\",\"target\":[\"https:\/\/fairtradeajourney.org\/en\/interview-with-jose-joaquin-ordonez\/\"]}]},{\"@type\":\"BreadcrumbList\",\"@id\":\"https:\/\/fairtradeajourney.org\/en\/interview-with-jose-joaquin-ordonez\/#breadcrumb\",\"itemListElement\":[{\"@type\":\"ListItem\",\"position\":1,\"name\":\"Startseite\",\"item\":\"https:\/\/fairtradeajourney.org\/\"},{\"@type\":\"ListItem\",\"position\":2,\"name\":\"Interview with Jos\u00e9 Joaqu\u00edn Ordo\u00f1ez (Colombia)\"}]},{\"@type\":\"WebSite\",\"@id\":\"https:\/\/fairtradeajourney.org\/#website\",\"url\":\"https:\/\/fairtradeajourney.org\/\",\"name\":\"Fairtrade - a journey\",\"description\":\"Eine Website zum Thema Reisen und Fairtrade\",\"publisher\":{\"@id\":\"https:\/\/fairtradeajourney.org\/#\/schema\/person\/f7bc415c3cc89024dc9c6a1bdb5fed84\"},\"potentialAction\":[{\"@type\":\"SearchAction\",\"target\":{\"@type\":\"EntryPoint\",\"urlTemplate\":\"https:\/\/fairtradeajourney.org\/?s={search_term_string}\"},\"query-input\":\"required name=search_term_string\"}],\"inLanguage\":\"en-US\"},{\"@type\":[\"Person\",\"Organization\"],\"@id\":\"https:\/\/fairtradeajourney.org\/#\/schema\/person\/f7bc415c3cc89024dc9c6a1bdb5fed84\",\"name\":\"stefanieschoeler\",\"image\":{\"@type\":\"ImageObject\",\"inLanguage\":\"en-US\",\"@id\":\"https:\/\/fairtradeajourney.org\/#\/schema\/person\/image\/\",\"url\":\"https:\/\/secure.gravatar.com\/avatar\/852d1891ea21034b4f30f4ccbd610837?s=96&d=monsterid&r=g\",\"contentUrl\":\"https:\/\/secure.gravatar.com\/avatar\/852d1891ea21034b4f30f4ccbd610837?s=96&d=monsterid&r=g\",\"caption\":\"stefanieschoeler\"},\"logo\":{\"@id\":\"https:\/\/fairtradeajourney.org\/#\/schema\/person\/image\/\"}}]}<\/script>\n<!-- \/ Yoast SEO Premium plugin. -->","yoast_head_json":{"title":"Interview with Jos\u00e9 Joaqu\u00edn Ordo\u00f1ez (Colombia) &ndash; Fairtrade - a journey","robots":{"index":"index","follow":"follow","max-snippet":"max-snippet:-1","max-image-preview":"max-image-preview:large","max-video-preview":"max-video-preview:-1"},"canonical":"https:\/\/fairtradeajourney.org\/en\/interview-with-jose-joaquin-ordonez\/","og_locale":"en_US","og_type":"article","og_title":"Interview with Jos\u00e9 Joaqu\u00edn Ordo\u00f1ez (Colombia)","og_description":"1. Where does your passion for coffee come from? Why do you work with coffee? I got connected to coffee through my family, we all produce coffee, we were born and grew up with coffee and have been growing this bean for generations. I work with coffee because our land and our climate favour coffee &hellip;","og_url":"https:\/\/fairtradeajourney.org\/en\/interview-with-jose-joaquin-ordonez\/","og_site_name":"Fairtrade - a journey","article_published_time":"2020-03-13T15:10:25+00:00","article_modified_time":"2020-11-05T09:19:57+00:00","og_image":[{"width":900,"height":691,"url":"https:\/\/fairtradeajourney.org\/wp-content\/uploads\/2020\/03\/Jose-Joaquin-Ordonez_Querformat_900x600-1.jpg","type":"image\/jpeg"}],"author":"stefanieschoeler","twitter_card":"summary_large_image","twitter_misc":{"Written by":"stefanieschoeler","Est. reading time":"2 minutes"},"schema":{"@context":"https:\/\/schema.org","@graph":[{"@type":"Article","@id":"https:\/\/fairtradeajourney.org\/en\/interview-with-jose-joaquin-ordonez\/#article","isPartOf":{"@id":"https:\/\/fairtradeajourney.org\/en\/interview-with-jose-joaquin-ordonez\/"},"author":{"name":"stefanieschoeler","@id":"https:\/\/fairtradeajourney.org\/#\/schema\/person\/f7bc415c3cc89024dc9c6a1bdb5fed84"},"headline":"Interview with Jos\u00e9 Joaqu\u00edn Ordo\u00f1ez (Colombia)","datePublished":"2020-03-13T15:10:25+00:00","dateModified":"2020-11-05T09:19:57+00:00","mainEntityOfPage":{"@id":"https:\/\/fairtradeajourney.org\/en\/interview-with-jose-joaquin-ordonez\/"},"wordCount":454,"commentCount":0,"publisher":{"@id":"https:\/\/fairtradeajourney.org\/#\/schema\/person\/f7bc415c3cc89024dc9c6a1bdb5fed84"},"articleSection":["Interviews in English"],"inLanguage":"en-US","potentialAction":[{"@type":"CommentAction","name":"Comment","target":["https:\/\/fairtradeajourney.org\/en\/interview-with-jose-joaquin-ordonez\/#respond"]}]},{"@type":"WebPage","@id":"https:\/\/fairtradeajourney.org\/en\/interview-with-jose-joaquin-ordonez\/","url":"https:\/\/fairtradeajourney.org\/en\/interview-with-jose-joaquin-ordonez\/","name":"Interview with Jos\u00e9 Joaqu\u00edn Ordo\u00f1ez (Colombia) &ndash; Fairtrade - a journey","isPartOf":{"@id":"https:\/\/fairtradeajourney.org\/#website"},"datePublished":"2020-03-13T15:10:25+00:00","dateModified":"2020-11-05T09:19:57+00:00","breadcrumb":{"@id":"https:\/\/fairtradeajourney.org\/en\/interview-with-jose-joaquin-ordonez\/#breadcrumb"},"inLanguage":"en-US","potentialAction":[{"@type":"ReadAction","target":["https:\/\/fairtradeajourney.org\/en\/interview-with-jose-joaquin-ordonez\/"]}]},{"@type":"BreadcrumbList","@id":"https:\/\/fairtradeajourney.org\/en\/interview-with-jose-joaquin-ordonez\/#breadcrumb","itemListElement":[{"@type":"ListItem","position":1,"name":"Startseite","item":"https:\/\/fairtradeajourney.org\/"},{"@type":"ListItem","position":2,"name":"Interview with Jos\u00e9 Joaqu\u00edn Ordo\u00f1ez (Colombia)"}]},{"@type":"WebSite","@id":"https:\/\/fairtradeajourney.org\/#website","url":"https:\/\/fairtradeajourney.org\/","name":"Fairtrade - a journey","description":"Eine Website zum Thema Reisen und Fairtrade","publisher":{"@id":"https:\/\/fairtradeajourney.org\/#\/schema\/person\/f7bc415c3cc89024dc9c6a1bdb5fed84"},"potentialAction":[{"@type":"SearchAction","target":{"@type":"EntryPoint","urlTemplate":"https:\/\/fairtradeajourney.org\/?s={search_term_string}"},"query-input":"required name=search_term_string"}],"inLanguage":"en-US"},{"@type":["Person","Organization"],"@id":"https:\/\/fairtradeajourney.org\/#\/schema\/person\/f7bc415c3cc89024dc9c6a1bdb5fed84","name":"stefanieschoeler","image":{"@type":"ImageObject","inLanguage":"en-US","@id":"https:\/\/fairtradeajourney.org\/#\/schema\/person\/image\/","url":"https:\/\/secure.gravatar.com\/avatar\/852d1891ea21034b4f30f4ccbd610837?s=96&d=monsterid&r=g","contentUrl":"https:\/\/secure.gravatar.com\/avatar\/852d1891ea21034b4f30f4ccbd610837?s=96&d=monsterid&r=g","caption":"stefanieschoeler"},"logo":{"@id":"https:\/\/fairtradeajourney.org\/#\/schema\/person\/image\/"}}]}},"_links":{"self":[{"href":"https:\/\/fairtradeajourney.org\/en\/wp-json\/wp\/v2\/posts\/384"}],"collection":[{"href":"https:\/\/fairtradeajourney.org\/en\/wp-json\/wp\/v2\/posts"}],"about":[{"href":"https:\/\/fairtradeajourney.org\/en\/wp-json\/wp\/v2\/types\/post"}],"author":[{"embeddable":true,"href":"https:\/\/fairtradeajourney.org\/en\/wp-json\/wp\/v2\/users\/1"}],"replies":[{"embeddable":true,"href":"https:\/\/fairtradeajourney.org\/en\/wp-json\/wp\/v2\/comments?post=384"}],"version-history":[{"count":0,"href":"https:\/\/fairtradeajourney.org\/en\/wp-json\/wp\/v2\/posts\/384\/revisions"}],"wp:featuredmedia":[{"embeddable":true,"href":"https:\/\/fairtradeajourney.org\/en\/wp-json\/wp\/v2\/media\/594"}],"wp:attachment":[{"href":"https:\/\/fairtradeajourney.org\/en\/wp-json\/wp\/v2\/media?parent=384"}],"wp:term":[{"taxonomy":"category","embeddable":true,"href":"https:\/\/fairtradeajourney.org\/en\/wp-json\/wp\/v2\/categories?post=384"},{"taxonomy":"post_tag","embeddable":true,"href":"https:\/\/fairtradeajourney.org\/en\/wp-json\/wp\/v2\/tags?post=384"},{"taxonomy":"series","embeddable":true,"href":"https:\/\/fairtradeajourney.org\/en\/wp-json\/wp\/v2\/series?post=384"}],"curies":[{"name":"wp","href":"https:\/\/api.w.org\/{rel}","templated":true}]}}